{"id":13673,"date":"2026-04-27T19:32:50","date_gmt":"2026-04-27T17:32:50","guid":{"rendered":"https:\/\/fundacja-latarnia.pl\/?p=13673"},"modified":"2026-04-27T19:32:51","modified_gmt":"2026-04-27T17:32:51","slug":"terapia-grupowa-w-procesie-trzezwienia-i-odbudowy-funkcjonowania-spolecznego","status":"publish","type":"post","link":"https:\/\/fundacja-latarnia.pl\/index.php\/2026\/04\/27\/terapia-grupowa-w-procesie-trzezwienia-i-odbudowy-funkcjonowania-spolecznego\/","title":{"rendered":"Terapia grupowa w procesie trze\u017awienia i odbudowy funkcjonowania spo\u0142ecznego"},"content":{"rendered":"<style type=\"text\/css\"><\/style>\n<p>W okresie od wrze\u015bnia 2025 roku do kwietnia 2026 roku realizowali\u015bmy<br>drug\u0105 edycj\u0119 programu terapeutycznego skierowanego do os\u00f3b zmagaj\u0105cych<br>si\u0119 z problemem alkoholowym. Spotkania odbywa\u0142y si\u0119 cyklicznie raz w<br>tygodniu i trwa\u0142y 1,5 godziny.<\/p>\n\n\n\n<p>Celem programu by\u0142o wspieranie uczestnik\u00f3w w procesie trze\u017awienia,<br>utrwalanie wprowadzanych zmian oraz odbudowa funkcjonowania w obszarze<br>spo\u0142ecznym, emocjonalnym i relacyjnym.<\/p>\n\n\n\n<p>Terapia grupowa umo\u017cliwia\u0142a:<\/p>\n\n\n\n<p>wzmacnianie motywacji do utrzymania abstynencji,<br>pog\u0142\u0119bianie \u015bwiadomo\u015bci w\u0142asnych mechanizm\u00f3w uzale\u017cnienia,<br>rozwijanie umiej\u0119tno\u015bci radzenia sobie z trudnymi emocjami i sytuacjami,<br>budowanie zdrowych, wspieraj\u0105cych relacji,<br>uczenie si\u0119 odpowiedzialno\u015bci za w\u0142asne decyzje i wybory.<\/p>\n\n\n\n<p>W trakcie programu uczestnicy pracowali m.in. nad:<\/p>\n\n\n\n<p>zapobieganiem nawrotom,<br>rozpoznawaniem sygna\u0142\u00f3w ostrzegawczych,<br>regulacj\u0105 emocji,<br>odbudow\u0105 poczucia w\u0142asnej warto\u015bci,<br>rozwijaniem kompetencji spo\u0142ecznych,<br>planowaniem dalszego rozwoju osobistego i spo\u0142ecznego.<\/p>\n\n\n\n<p>Program stanowi\u0142 wa\u017cny element procesu wychodzenia z uzale\u017cnienia oraz<br>powrotu do aktywnego i bardziej stabilnego funkcjonowania w \u017cyciu<br>codziennym.<\/p>\n\n\n\n<p>Realizacja projektu by\u0142a mo\u017cliwa dzi\u0119ki wsparciu finansowemu Gminnej<br>Komisji Rozwi\u0105zywania Problem\u00f3w Alkoholowych w Bukowsku oraz \u015brodkom<br>pochodz\u0105cym z 1,5% podatku.<br>Dzi\u0119kujemy za zaufanie i wsparcie!<\/p>\n","protected":false},"excerpt":{"rendered":"<p>W okresie od wrze\u015bnia 2025 roku do kwietnia 2026 roku realizowali\u015bmydrug\u0105 edycj\u0119 programu terapeutycznego skierowanego do os\u00f3b zmagaj\u0105cychsi\u0119 z problemem alkoholowym. Spotkania odbywa\u0142y si\u0119 cyklicznie raz wtygodniu i trwa\u0142y 1,5 godziny. Celem programu by\u0142o wspieranie uczestnik\u00f3w w procesie trze\u017awienia,utrwalanie wprowadzanych zmian oraz odbudowa funkcjonowania w obszarzespo\u0142ecznym, emocjonalnym i relacyjnym. Terapia grupowa umo\u017cliwia\u0142a: wzmacnianie motywacji do&#8230;<\/p>\n","protected":false},"author":1,"featured_media":13666,"comment_status":"closed","ping_status":"closed","sticky":false,"template":"","format":"standard","meta":{"ngg_post_thumbnail":0,"footnotes":""},"categories":[76],"tags":[],"class_list":["post-13673","post","type-post","status-publish","format-standard","has-post-thumbnail","hentry","category-realizowane-projekty"],"_links":{"self":[{"href":"https:\/\/fundacja-latarnia.pl\/index.php\/wp-json\/wp\/v2\/posts\/13673","targetHints":{"allow":["GET"]}}],"collection":[{"href":"https:\/\/fundacja-latarnia.pl\/index.php\/wp-json\/wp\/v2\/posts"}],"about":[{"href":"https:\/\/fundacja-latarnia.pl\/index.php\/wp-json\/wp\/v2\/types\/post"}],"author":[{"embeddable":true,"href":"https:\/\/fundacja-latarnia.pl\/index.php\/wp-json\/wp\/v2\/users\/1"}],"replies":[{"embeddable":true,"href":"https:\/\/fundacja-latarnia.pl\/index.php\/wp-json\/wp\/v2\/comments?post=13673"}],"version-history":[{"count":1,"href":"https:\/\/fundacja-latarnia.pl\/index.php\/wp-json\/wp\/v2\/posts\/13673\/revisions"}],"predecessor-version":[{"id":13674,"href":"https:\/\/fundacja-latarnia.pl\/index.php\/wp-json\/wp\/v2\/posts\/13673\/revisions\/13674"}],"wp:featuredmedia":[{"embeddable":true,"href":"https:\/\/fundacja-latarnia.pl\/index.php\/wp-json\/wp\/v2\/media\/13666"}],"wp:attachment":[{"href":"https:\/\/fundacja-latarnia.pl\/index.php\/wp-json\/wp\/v2\/media?parent=13673"}],"wp:term":[{"taxonomy":"category","embeddable":true,"href":"https:\/\/fundacja-latarnia.pl\/index.php\/wp-json\/wp\/v2\/categories?post=13673"},{"taxonomy":"post_tag","embeddable":true,"href":"https:\/\/fundacja-latarnia.pl\/index.php\/wp-json\/wp\/v2\/tags?post=13673"}],"curies":[{"name":"wp","href":"https:\/\/api.w.org\/{rel}","templated":true}]}}