{"id":13671,"date":"2026-04-27T19:31:38","date_gmt":"2026-04-27T17:31:38","guid":{"rendered":"https:\/\/fundacja-latarnia.pl\/?p=13671"},"modified":"2026-04-27T19:31:39","modified_gmt":"2026-04-27T17:31:39","slug":"grupowa-terapia-uzaleznien-jako-element-wsparcia-i-reintegracji-spolecznej","status":"publish","type":"post","link":"https:\/\/fundacja-latarnia.pl\/index.php\/2026\/04\/27\/grupowa-terapia-uzaleznien-jako-element-wsparcia-i-reintegracji-spolecznej\/","title":{"rendered":"Grupowa terapia uzale\u017cnie\u0144 jako element wsparcia i reintegracji spo\u0142ecznej"},"content":{"rendered":"<style type=\"text\/css\"><\/style>\n<p>W okresie od marca do sierpnia 2025 roku realizowali\u015bmy 6-miesi\u0119czny<br>program grupowej terapii uzale\u017cnie\u0144 skierowany do os\u00f3b zmagaj\u0105cych si\u0119 z<br>problemem alkoholowym. Spotkania odbywa\u0142y si\u0119 regularnie w poniedzia\u0142ki<br>i trwa\u0142y 1,5 godziny.<\/p>\n\n\n\n<p>Celem programu by\u0142o stworzenie bezpiecznej przestrzeni do pracy nad<br>zmian\u0105, wzmocnienia motywacji do trze\u017awego \u017cycia oraz odbudowy<br>kompetencji spo\u0142ecznych uczestnik\u00f3w.<\/p>\n\n\n\n<p>Terapia grupowa stanowi szczeg\u00f3ln\u0105 form\u0119 wsparcia, poniewa\u017c pozwala:<\/p>\n\n\n\n<p>prze\u0142amywa\u0107 izolacj\u0119 i poczucie osamotnienia,<br>uczy\u0107 si\u0119 poprzez do\u015bwiadczenie innych os\u00f3b,<br>rozwija\u0107 umiej\u0119tno\u015bci komunikacji i radzenia sobie z emocjami,<br>budowa\u0107 poczucie sprawczo\u015bci i odpowiedzialno\u015bci za w\u0142asne \u017cycie.<\/p>\n\n\n\n<p>W trakcie spotka\u0144 uczestnicy pracowali m.in. nad:<\/p>\n\n\n\n<p>rozpoznawaniem mechanizm\u00f3w uzale\u017cnienia,<br>radzeniem sobie z g\u0142odem alkoholowym,<br>identyfikacj\u0105 emocji i potrzeb,<br>budowaniem zdrowych relacji,<br>wzmacnianiem poczucia w\u0142asnej warto\u015bci,<br>przygotowaniem do funkcjonowania w trze\u017awo\u015bci w \u015brodowisku spo\u0142ecznym.<\/p>\n\n\n\n<p>Program mia\u0142 istotne znaczenie w procesie reintegracji spo\u0142ecznej \u2013<br>uczestnicy stopniowo odzyskiwali zdolno\u015b\u0107 do pe\u0142nienia r\u00f3l rodzinnych i<br>spo\u0142ecznych, podejmowania aktywno\u015bci oraz budowania stabilniejszego<br>stylu \u017cycia.<\/p>\n\n\n\n<p>Realizacja projektu by\u0142a mo\u017cliwa dzi\u0119ki wsparciu finansowemu Gminnej<br>Komisji Rozwi\u0105zywania Problem\u00f3w Alkoholowych w Bukowsku oraz \u015brodkom<br>pochodz\u0105cym z 1,5% podatku.<br>Dzi\u0119kujemy za zaufanie i wsparcie!<br><img loading=\"lazy\" decoding=\"async\" width=\"150\" height=\"100\" class=\"wp-image-13667\" style=\"width: 150px;\" src=\"https:\/\/fundacja-latarnia.pl\/wp-content\/uploads\/2026\/04\/I-edycja-terapii-grupowej.png\" alt=\"\" srcset=\"https:\/\/fundacja-latarnia.pl\/wp-content\/uploads\/2026\/04\/I-edycja-terapii-grupowej.png 1536w, https:\/\/fundacja-latarnia.pl\/wp-content\/uploads\/2026\/04\/I-edycja-terapii-grupowej-300x200.png 300w, https:\/\/fundacja-latarnia.pl\/wp-content\/uploads\/2026\/04\/I-edycja-terapii-grupowej-1024x683.png 1024w, https:\/\/fundacja-latarnia.pl\/wp-content\/uploads\/2026\/04\/I-edycja-terapii-grupowej-768x512.png 768w, https:\/\/fundacja-latarnia.pl\/wp-content\/uploads\/2026\/04\/I-edycja-terapii-grupowej-580x387.png 580w, https:\/\/fundacja-latarnia.pl\/wp-content\/uploads\/2026\/04\/I-edycja-terapii-grupowej-860x573.png 860w, https:\/\/fundacja-latarnia.pl\/wp-content\/uploads\/2026\/04\/I-edycja-terapii-grupowej-1160x773.png 1160w, https:\/\/fundacja-latarnia.pl\/wp-content\/uploads\/2026\/04\/I-edycja-terapii-grupowej-1440x960.png 1440w\" sizes=\"auto, (max-width: 150px) 100vw, 150px\" \/><\/p>\n","protected":false},"excerpt":{"rendered":"<p>W okresie od marca do sierpnia 2025 roku realizowali\u015bmy 6-miesi\u0119cznyprogram grupowej terapii uzale\u017cnie\u0144 skierowany do os\u00f3b zmagaj\u0105cych si\u0119 zproblemem alkoholowym. Spotkania odbywa\u0142y si\u0119 regularnie w poniedzia\u0142kii trwa\u0142y 1,5 godziny. Celem programu by\u0142o stworzenie bezpiecznej przestrzeni do pracy nadzmian\u0105, wzmocnienia motywacji do trze\u017awego \u017cycia oraz odbudowykompetencji spo\u0142ecznych uczestnik\u00f3w. Terapia grupowa stanowi szczeg\u00f3ln\u0105 form\u0119 wsparcia, poniewa\u017c pozwala:&#8230;<\/p>\n","protected":false},"author":1,"featured_media":13667,"comment_status":"closed","ping_status":"closed","sticky":false,"template":"","format":"standard","meta":{"ngg_post_thumbnail":0,"footnotes":""},"categories":[76],"tags":[],"class_list":["post-13671","post","type-post","status-publish","format-standard","has-post-thumbnail","hentry","category-realizowane-projekty"],"_links":{"self":[{"href":"https:\/\/fundacja-latarnia.pl\/index.php\/wp-json\/wp\/v2\/posts\/13671","targetHints":{"allow":["GET"]}}],"collection":[{"href":"https:\/\/fundacja-latarnia.pl\/index.php\/wp-json\/wp\/v2\/posts"}],"about":[{"href":"https:\/\/fundacja-latarnia.pl\/index.php\/wp-json\/wp\/v2\/types\/post"}],"author":[{"embeddable":true,"href":"https:\/\/fundacja-latarnia.pl\/index.php\/wp-json\/wp\/v2\/users\/1"}],"replies":[{"embeddable":true,"href":"https:\/\/fundacja-latarnia.pl\/index.php\/wp-json\/wp\/v2\/comments?post=13671"}],"version-history":[{"count":1,"href":"https:\/\/fundacja-latarnia.pl\/index.php\/wp-json\/wp\/v2\/posts\/13671\/revisions"}],"predecessor-version":[{"id":13672,"href":"https:\/\/fundacja-latarnia.pl\/index.php\/wp-json\/wp\/v2\/posts\/13671\/revisions\/13672"}],"wp:featuredmedia":[{"embeddable":true,"href":"https:\/\/fundacja-latarnia.pl\/index.php\/wp-json\/wp\/v2\/media\/13667"}],"wp:attachment":[{"href":"https:\/\/fundacja-latarnia.pl\/index.php\/wp-json\/wp\/v2\/media?parent=13671"}],"wp:term":[{"taxonomy":"category","embeddable":true,"href":"https:\/\/fundacja-latarnia.pl\/index.php\/wp-json\/wp\/v2\/categories?post=13671"},{"taxonomy":"post_tag","embeddable":true,"href":"https:\/\/fundacja-latarnia.pl\/index.php\/wp-json\/wp\/v2\/tags?post=13671"}],"curies":[{"name":"wp","href":"https:\/\/api.w.org\/{rel}","templated":true}]}}