{"id":13481,"date":"2023-11-01T16:01:27","date_gmt":"2023-11-01T15:01:27","guid":{"rendered":"https:\/\/fundacja-latarnia.pl\/?p=13481"},"modified":"2023-11-05T16:12:55","modified_gmt":"2023-11-05T15:12:55","slug":"dni-freedom-2023-za-nami","status":"publish","type":"post","link":"https:\/\/fundacja-latarnia.pl\/index.php\/2023\/11\/01\/dni-freedom-2023-za-nami\/","title":{"rendered":"Dni Freedom 2023 za nami"},"content":{"rendered":"<style type=\"text\/css\"><\/style>\n<p>Dni Freedom 2023<\/p>\n\n\n\n<p>Za nami Dni Freedom, kt\u00f3re odby\u0142y si\u0119 18-19 sierpnia 2023. W tym roku akcja organizowana by\u0142a we wsp\u00f3\u0142pracy z Stowarzyszeniem Freedom. Przez dwa dni na mieszka\u0144c\u00f3w miasta Sanoka i okolic czeka\u0142o mn\u00f3stwo r\u00f3\u017cnych atrakcji i darmowych pocz\u0119stunk\u00f3w. W pi\u0105tek m\u0142odzi pi\u0142karze wzi\u0119li udzia\u0142 w II Turnieju Freedom. Walka o puchar toczy\u0142a si\u0119 mi\u0119dzy sze\u015bcioma dru\u017cynami, a zwyci\u0119zcami po raz drugi zosta\u0142a grupa \u201eBlack &amp; White\u201d. Przed rozgrywkami na uczestnik\u00f3w czeka\u0142 Pawe\u0142 Sk\u00f3ra, mistrz \u015bwiata we Freestyle Football, kt\u00f3ry swoim pokazem zainteresowa\u0142 m\u0142odszych i starszych uczestnik\u00f3w.<\/p>\n\n\n\n<p>Pod jednym z namiot\u00f3w zlokalizowana by\u0142a strefa dla dzieci, gdzie na najm\u0142odszych uczestnik\u00f3w czeka\u0142o mn\u00f3stwo atrakcji. Dzieci mog\u0142y pr\u00f3bowa\u0107 swoich si\u0142 w r\u00f3\u017cnych konkursach, rozgrywkach sportowych, jak r\u00f3wnie\u017c wzi\u0105\u0107 udzia\u0142 w zaj\u0119ciach artystycznych poznaj\u0105c m.in. takie techniki jak string art, czy makrama. Tu\u017c obok Kids Zona zlokalizowana by\u0142a zagroda z alpakami, kt\u00f3re ch\u0119tnie zjada\u0142y smako\u0142yki z r\u0105k dzieci.<\/p>\n\n\n\n<p>&nbsp;Ka\u017cdego dnia o godzinie 17:00 profesor Mariusz J\u0119drzejko prowadzi\u0142 bardzo ciekawe prelekcje w tematach: \u201eTechnologie cyfrowe, a rozw\u00f3j emocjonalny dzieci. Jak modelowa\u0107 relacje dzieci do smartfon\u00f3w\u201d oraz \u201ePu\u0142apka lekkiej marihuany. Jak nie da\u0107 si\u0119 k\u0142amstwom dealera. Co powinni\u015bcie wiedzie\u0107 o dopalaczach\u201d.<\/p>\n\n\n\n<p>W sobot\u0119 od 15:00 rozpocz\u0119\u0142a si\u0119 gra terenowa. Uczestnicy mieli na zadanie zdoby\u0107 dziesi\u0119\u0107 baz. Mimo deszczu, kt\u00f3ry na chwil\u0119 przerwa\u0142 zabaw\u0119, w grze wzi\u0119\u0142o udzia\u0142 kilkadziesi\u0105t os\u00f3b, kt\u00f3re dzielnie walczy\u0142y o cenne nagrody.<\/p>\n\n\n\n<p><img loading=\"lazy\" decoding=\"async\" width=\"57\" height=\"29\" src=\"\" alt=\"Obraz zawieraj\u0105cy Czcionka, logo, Grafika, bia\u0142y\n\nOpis wygenerowany automatycznie\">W pi\u0105tek wieczorem na scenie wyst\u0105pi\u0142 Kolah, zesp\u00f3\u0142 Freedom oraz Marcin \u201eKryzys\u201d Tyburczy. Po koncercie odby\u0142o si\u0119 kino plenerowe. W sobot\u0119 ca\u0142e wydarzenie zako\u0144czy\u0142o si\u0119 koncertem fina\u0142owym, na kt\u00f3rym wyst\u0105pi\u0142 zesp\u00f3\u0142 TGD.<\/p>\n\n\n\n<p>W tym roku wydarzenie finansowane by\u0142o ze \u015brodk\u00f3w z projektu <\/p>\n\n\n\n<figure class=\"wp-block-image size-full is-resized\"><img loading=\"lazy\" decoding=\"async\" width=\"114\" height=\"58\" src=\"https:\/\/fundacja-latarnia.pl\/wp-content\/uploads\/2023\/11\/bgk.png\" alt=\"\" class=\"wp-image-13482\" style=\"aspect-ratio:1.9655172413793103;width:163px;height:auto\"\/><\/figure>\n\n\n\n<p>Fundacji BGK im. J.K. Steczkowskiego. Fundatorom serdecznie dzi\u0119kujemy!!!<\/p>\n","protected":false},"excerpt":{"rendered":"<p>Dni Freedom 2023 Za nami Dni Freedom, kt\u00f3re odby\u0142y si\u0119 18-19 sierpnia 2023. W tym roku akcja organizowana by\u0142a we wsp\u00f3\u0142pracy z Stowarzyszeniem Freedom. Przez dwa dni na mieszka\u0144c\u00f3w miasta Sanoka i okolic czeka\u0142o mn\u00f3stwo r\u00f3\u017cnych atrakcji i darmowych pocz\u0119stunk\u00f3w. W pi\u0105tek m\u0142odzi pi\u0142karze wzi\u0119li udzia\u0142 w II Turnieju Freedom. Walka o puchar toczy\u0142a si\u0119&#8230;<\/p>\n","protected":false},"author":1,"featured_media":13462,"comment_status":"closed","ping_status":"closed","sticky":false,"template":"","format":"standard","meta":{"ngg_post_thumbnail":0,"footnotes":""},"categories":[74,76],"tags":[],"class_list":["post-13481","post","type-post","status-publish","format-standard","has-post-thumbnail","hentry","category-aktualnosci","category-realizowane-projekty"],"_links":{"self":[{"href":"https:\/\/fundacja-latarnia.pl\/index.php\/wp-json\/wp\/v2\/posts\/13481","targetHints":{"allow":["GET"]}}],"collection":[{"href":"https:\/\/fundacja-latarnia.pl\/index.php\/wp-json\/wp\/v2\/posts"}],"about":[{"href":"https:\/\/fundacja-latarnia.pl\/index.php\/wp-json\/wp\/v2\/types\/post"}],"author":[{"embeddable":true,"href":"https:\/\/fundacja-latarnia.pl\/index.php\/wp-json\/wp\/v2\/users\/1"}],"replies":[{"embeddable":true,"href":"https:\/\/fundacja-latarnia.pl\/index.php\/wp-json\/wp\/v2\/comments?post=13481"}],"version-history":[{"count":1,"href":"https:\/\/fundacja-latarnia.pl\/index.php\/wp-json\/wp\/v2\/posts\/13481\/revisions"}],"predecessor-version":[{"id":13483,"href":"https:\/\/fundacja-latarnia.pl\/index.php\/wp-json\/wp\/v2\/posts\/13481\/revisions\/13483"}],"wp:featuredmedia":[{"embeddable":true,"href":"https:\/\/fundacja-latarnia.pl\/index.php\/wp-json\/wp\/v2\/media\/13462"}],"wp:attachment":[{"href":"https:\/\/fundacja-latarnia.pl\/index.php\/wp-json\/wp\/v2\/media?parent=13481"}],"wp:term":[{"taxonomy":"category","embeddable":true,"href":"https:\/\/fundacja-latarnia.pl\/index.php\/wp-json\/wp\/v2\/categories?post=13481"},{"taxonomy":"post_tag","embeddable":true,"href":"https:\/\/fundacja-latarnia.pl\/index.php\/wp-json\/wp\/v2\/tags?post=13481"}],"curies":[{"name":"wp","href":"https:\/\/api.w.org\/{rel}","templated":true}]}}